{"id":10272,"date":"2025-10-22T12:07:11","date_gmt":"2025-10-22T10:07:11","guid":{"rendered":"https:\/\/blog.servitoro.com\/how-to-dress-for-a-bullfight\/"},"modified":"2025-10-22T12:14:27","modified_gmt":"2025-10-22T10:14:27","slug":"how-to-dress-for-a-bullfight","status":"publish","type":"post","link":"https:\/\/blog.servitoro.com\/en\/how-to-dress-for-a-bullfight\/","title":{"rendered":"How to Dress for a Bullfight"},"content":{"rendered":"\t\t<div data-elementor-type=\"wp-post\" data-elementor-id=\"10272\" class=\"elementor elementor-10272 elementor-10237\" data-elementor-post-type=\"post\">\n\t\t\t\t<div class=\"elementor-element elementor-element-47030779 e-flex e-con-boxed e-con e-parent\" data-id=\"47030779\" data-element_type=\"container\" data-e-type=\"container\">\n\t\t\t\t\t<div class=\"e-con-inner\">\n\t\t\t\t<div class=\"elementor-element elementor-element-372b4df elementor-widget elementor-widget-text-editor\" data-id=\"372b4df\" data-element_type=\"widget\" data-e-type=\"widget\" data-widget_type=\"text-editor.default\">\n\t\t\t\t<div class=\"elementor-widget-container\">\n\t\t\t\t\t\t\t\t\t<p>It\u2019s one of the most common questions when someone gets invited to a bullfight: <strong>\u201cWhat should I wear?\u201d<\/strong> For regular fans, the question might seem trivial, but for first-time spectators it can become a real dilemma. Many worry more about not standing out among the crowd than about actually enjoying the experience.<\/p>\n\t\t\t\t\t\t\t\t<\/div>\n\t\t\t\t<\/div>\n\t\t\t\t\t<\/div>\n\t\t\t\t<\/div>\n\t\t<div class=\"elementor-element elementor-element-32110405 e-flex e-con-boxed e-con e-parent\" data-id=\"32110405\" data-element_type=\"container\" data-e-type=\"container\">\n\t\t\t\t\t<div class=\"e-con-inner\">\n\t\t\t\t<div class=\"elementor-element elementor-element-6c33b7e0 elementor-widget elementor-widget-image\" data-id=\"6c33b7e0\" data-element_type=\"widget\" data-e-type=\"widget\" data-widget_type=\"image.default\">\n\t\t\t\t<div class=\"elementor-widget-container\">\n\t\t\t\t\t\t\t\t\t\t\t\t<figure class=\"wp-caption\">\n\t\t\t\t\t\t\t\t\t\t\t<a href=\"https:\/\/www.servitoro.com\/es\/384-plaza-toros-las-ventas-madrid.html\" target=\"_blank\" title=\"Plaza de toros de Las Ventas\">\n\t\t\t\t\t\t\t<img fetchpriority=\"high\" decoding=\"async\" width=\"1024\" height=\"683\" src=\"https:\/\/blog.servitoro.com\/wp-content\/uploads\/2025\/10\/ambiente-plaza-de-toros-de-las-ventas-3-1024x683.jpg\" class=\"attachment-large size-large wp-image-10241\" alt=\"Como ir vestido\" srcset=\"https:\/\/blog.servitoro.com\/wp-content\/uploads\/2025\/10\/ambiente-plaza-de-toros-de-las-ventas-3-1024x683.jpg 1024w, https:\/\/blog.servitoro.com\/wp-content\/uploads\/2025\/10\/ambiente-plaza-de-toros-de-las-ventas-3-300x200.jpg 300w, https:\/\/blog.servitoro.com\/wp-content\/uploads\/2025\/10\/ambiente-plaza-de-toros-de-las-ventas-3-768x512.jpg 768w, https:\/\/blog.servitoro.com\/wp-content\/uploads\/2025\/10\/ambiente-plaza-de-toros-de-las-ventas-3-1536x1024.jpg 1536w, https:\/\/blog.servitoro.com\/wp-content\/uploads\/2025\/10\/ambiente-plaza-de-toros-de-las-ventas-3.jpg 1920w\" sizes=\"(max-width: 1024px) 100vw, 1024px\" \/>\t\t\t\t\t\t\t\t<\/a>\n\t\t\t\t\t\t\t\t\t\t\t<figcaption class=\"widget-image-caption wp-caption-text\">Exterior of the Las Ventas bullring<\/figcaption>\n\t\t\t\t\t\t\t\t\t\t<\/figure>\n\t\t\t\t\t\t\t\t\t<\/div>\n\t\t\t\t<\/div>\n\t\t\t\t<div class=\"elementor-element elementor-element-2486cf14 elementor-widget elementor-widget-text-editor\" data-id=\"2486cf14\" data-element_type=\"widget\" data-e-type=\"widget\" data-widget_type=\"text-editor.default\">\n\t\t\t\t<div class=\"elementor-widget-container\">\n\t\t\t\t\t\t\t\t\t<p>In truth, <strong>there\u2019s no strict dress code for attending a bullfight \u2014 no written rulebook on what to wear<\/strong> \u2014 but there <em>are<\/em> certain customs and unspoken traditions worth knowing. Servitoro has gathered a few practical tips to help you decide what to wear, depending on the style and atmosphere of the bullring you\u2019re visiting.<\/p>\n<p><strong>Each plaza de toros has its own personality and traditions<\/strong>. For instance, the attire expected in Seville\u2019s <em>Real Maestranza<\/em> during the <strong><a href=\"https:\/\/www.servitoro.com\/en\/21-bullfight-tickets-sevilla-la-maestranza-feria-de-abril\" target=\"_blank\" rel=\"noopener\"><em>Feria de Abril<\/em><\/a><\/strong> is very different from what you might wear in Pamplona during the <em>San Ferm\u00edn<\/em> festivities.<\/p>\n\t\t\t\t\t\t\t\t<\/div>\n\t\t\t\t<\/div>\n\t\t\t\t\t<\/div>\n\t\t\t\t<\/div>\n\t\t<div class=\"elementor-element elementor-element-371707ff e-flex e-con-boxed e-con e-parent\" data-id=\"371707ff\" data-element_type=\"container\" data-e-type=\"container\">\n\t\t\t\t\t<div class=\"e-con-inner\">\n\t\t\t\t<div class=\"elementor-element elementor-element-e386511 elementor-widget elementor-widget-image\" data-id=\"e386511\" data-element_type=\"widget\" data-e-type=\"widget\" data-widget_type=\"image.default\">\n\t\t\t\t<div class=\"elementor-widget-container\">\n\t\t\t\t\t\t\t\t\t\t\t\t<figure class=\"wp-caption\">\n\t\t\t\t\t\t\t\t\t\t\t<a href=\"https:\/\/www.servitoro.com\/en\/433-bullring-of-pamplona-navarra.html\" target=\"_blank\" title=\"Plaza de toros de Pamplona\">\n\t\t\t\t\t\t\t<img decoding=\"async\" width=\"800\" height=\"408\" src=\"https:\/\/blog.servitoro.com\/wp-content\/uploads\/2025\/10\/plaza-toros-pamplona.jpg\" class=\"attachment-large size-large wp-image-10262\" alt=\"Como ir vestido\" srcset=\"https:\/\/blog.servitoro.com\/wp-content\/uploads\/2025\/10\/plaza-toros-pamplona.jpg 800w, https:\/\/blog.servitoro.com\/wp-content\/uploads\/2025\/10\/plaza-toros-pamplona-300x153.jpg 300w, https:\/\/blog.servitoro.com\/wp-content\/uploads\/2025\/10\/plaza-toros-pamplona-768x392.jpg 768w\" sizes=\"(max-width: 800px) 100vw, 800px\" \/>\t\t\t\t\t\t\t\t<\/a>\n\t\t\t\t\t\t\t\t\t\t\t<figcaption class=\"widget-image-caption wp-caption-text\">Pamplona bullring<\/figcaption>\n\t\t\t\t\t\t\t\t\t\t<\/figure>\n\t\t\t\t\t\t\t\t\t<\/div>\n\t\t\t\t<\/div>\n\t\t\t\t<div class=\"elementor-element elementor-element-f9f6382 elementor-widget elementor-widget-text-editor\" data-id=\"f9f6382\" data-element_type=\"widget\" data-e-type=\"widget\" data-widget_type=\"text-editor.default\">\n\t\t\t\t<div class=\"elementor-widget-container\">\n\t\t\t\t\t\t\t\t\t<p>Some bullrings have a <strong>long-standing reputation for elegance<\/strong>. <strong><a href=\"https:\/\/www.servitoro.com\/en\/434-bullring-la-maestranza-de-sevilla.html\" target=\"_blank\" rel=\"noopener\">Seville<\/a><\/strong>, Ronda, Valladolid\u2019s <em>Paseo de Zorrilla<\/em>, and Bilbao\u2019s <em>Vista Alegre<\/em> are classic examples. In these venues, <strong>it\u2019s common for men to wear a suit or at least a jacket and tie, looking smart but not ostentatious<\/strong>. Women, meanwhile, tend to choose elegant yet understated outfits \u2014 light, flowing fabrics and tasteful designs \u2014 remembering that bullrings can be narrow and crowded, with limited space to move around.<\/p>\n\t\t\t\t\t\t\t\t<\/div>\n\t\t\t\t<\/div>\n\t\t\t\t<div class=\"elementor-element elementor-element-b582371 elementor-widget elementor-widget-image\" data-id=\"b582371\" data-element_type=\"widget\" data-e-type=\"widget\" data-widget_type=\"image.default\">\n\t\t\t\t<div class=\"elementor-widget-container\">\n\t\t\t\t\t\t\t\t\t\t\t\t<figure class=\"wp-caption\">\n\t\t\t\t\t\t\t\t\t\t\t<a href=\"https:\/\/www.servitoro.com\/en\/434-bullring-la-maestranza-de-sevilla.html\" target=\"_blank\" title=\"Plaza de toros de La Maestranza\" sevilla=\"\">\n\t\t\t\t\t\t\t<img decoding=\"async\" width=\"497\" height=\"650\" src=\"https:\/\/blog.servitoro.com\/wp-content\/uploads\/2025\/10\/ambiente-plaza-de-sevilla.jpg\" class=\"attachment-large size-large wp-image-10245\" alt=\"Como ir vestido\" srcset=\"https:\/\/blog.servitoro.com\/wp-content\/uploads\/2025\/10\/ambiente-plaza-de-sevilla.jpg 497w, https:\/\/blog.servitoro.com\/wp-content\/uploads\/2025\/10\/ambiente-plaza-de-sevilla-229x300.jpg 229w\" sizes=\"(max-width: 497px) 100vw, 497px\" \/>\t\t\t\t\t\t\t\t<\/a>\n\t\t\t\t\t\t\t\t\t\t\t<figcaption class=\"widget-image-caption wp-caption-text\">Traditional attire for attending the La Maestranza bullring<\/figcaption>\n\t\t\t\t\t\t\t\t\t\t<\/figure>\n\t\t\t\t\t\t\t\t\t<\/div>\n\t\t\t\t<\/div>\n\t\t\t\t<div class=\"elementor-element elementor-element-119ead0 elementor-widget elementor-widget-text-editor\" data-id=\"119ead0\" data-element_type=\"widget\" data-e-type=\"widget\" data-widget_type=\"text-editor.default\">\n\t\t\t\t<div class=\"elementor-widget-container\">\n\t\t\t\t\t\t\t\t\t<p>Because bullfighting involves high risk and superstition, many professionals in the ring are particularly wary of certain colours \u2014 <strong>especially yellow, which is considered bad luck<\/strong>. Out of respect for tradition (and to avoid attracting attention for the wrong reason), it\u2019s best to leave that shade out of your outfit.<\/p>\n\t\t\t\t\t\t\t\t<\/div>\n\t\t\t\t<\/div>\n\t\t\t\t<div class=\"elementor-element elementor-element-9ead8c7 elementor-widget elementor-widget-image\" data-id=\"9ead8c7\" data-element_type=\"widget\" data-e-type=\"widget\" data-widget_type=\"image.default\">\n\t\t\t\t<div class=\"elementor-widget-container\">\n\t\t\t\t\t\t\t\t\t\t\t\t<figure class=\"wp-caption\">\n\t\t\t\t\t\t\t\t\t\t\t<a href=\"https:\/\/www.servitoro.com\/en\/410-bullring-alicante.html\" target=\"_blank\" title=\"Plaza de toros de Alicante\">\n\t\t\t\t\t\t\t<img loading=\"lazy\" decoding=\"async\" width=\"1024\" height=\"683\" src=\"https:\/\/blog.servitoro.com\/wp-content\/uploads\/2025\/10\/ambiente-plaza-de-alicante-1024x683.jpg\" class=\"attachment-large size-large wp-image-10235\" alt=\"Como ir vestido\" srcset=\"https:\/\/blog.servitoro.com\/wp-content\/uploads\/2025\/10\/ambiente-plaza-de-alicante-1024x683.jpg 1024w, https:\/\/blog.servitoro.com\/wp-content\/uploads\/2025\/10\/ambiente-plaza-de-alicante-300x200.jpg 300w, https:\/\/blog.servitoro.com\/wp-content\/uploads\/2025\/10\/ambiente-plaza-de-alicante-768x512.jpg 768w, https:\/\/blog.servitoro.com\/wp-content\/uploads\/2025\/10\/ambiente-plaza-de-alicante-1536x1024.jpg 1536w, https:\/\/blog.servitoro.com\/wp-content\/uploads\/2025\/10\/ambiente-plaza-de-alicante.jpg 1920w\" sizes=\"(max-width: 1024px) 100vw, 1024px\" \/>\t\t\t\t\t\t\t\t<\/a>\n\t\t\t\t\t\t\t\t\t\t\t<figcaption class=\"widget-image-caption wp-caption-text\">Traditional attire for attending the Alicante bullring<\/figcaption>\n\t\t\t\t\t\t\t\t\t\t<\/figure>\n\t\t\t\t\t\t\t\t\t<\/div>\n\t\t\t\t<\/div>\n\t\t\t\t<div class=\"elementor-element elementor-element-bca286a elementor-widget elementor-widget-text-editor\" data-id=\"bca286a\" data-element_type=\"widget\" data-e-type=\"widget\" data-widget_type=\"text-editor.default\">\n\t\t\t\t<div class=\"elementor-widget-container\">\n\t\t\t\t\t\t\t\t\t<p>Other cities have a more festive and laid-back approach. <strong><a href=\"https:\/\/www.servitoro.com\/en\/1103-almeria-bullring.html\" target=\"_blank\" rel=\"noopener\">Almer\u00eda<\/a><\/strong>, Cuenca, Alicante, and even Albacete (though with a more serious bull and a more discerning crowd) are good examples. Here, <strong>spectators tend to dress more casually \u2014 light clothing, sunglasses, and handheld fans are common accessories<\/strong> to cope with the summer heat typical of these events.<\/p>\n\t\t\t\t\t\t\t\t<\/div>\n\t\t\t\t<\/div>\n\t\t\t\t<div class=\"elementor-element elementor-element-d74ec72 elementor-widget elementor-widget-image\" data-id=\"d74ec72\" data-element_type=\"widget\" data-e-type=\"widget\" data-widget_type=\"image.default\">\n\t\t\t\t<div class=\"elementor-widget-container\">\n\t\t\t\t\t\t\t\t\t\t\t\t<figure class=\"wp-caption\">\n\t\t\t\t\t\t\t\t\t\t\t<a href=\"https:\/\/www.servitoro.com\/en\/410-bullring-alicante.html\" target=\"_blank\" title=\"Plaza de toros de Alicante\">\n\t\t\t\t\t\t\t<img loading=\"lazy\" decoding=\"async\" width=\"1024\" height=\"698\" src=\"https:\/\/blog.servitoro.com\/wp-content\/uploads\/2025\/10\/ambiente-alicante-2-1024x698.jpg\" class=\"attachment-large size-large wp-image-10243\" alt=\"Como ir vestido\" srcset=\"https:\/\/blog.servitoro.com\/wp-content\/uploads\/2025\/10\/ambiente-alicante-2-1024x698.jpg 1024w, https:\/\/blog.servitoro.com\/wp-content\/uploads\/2025\/10\/ambiente-alicante-2-300x205.jpg 300w, https:\/\/blog.servitoro.com\/wp-content\/uploads\/2025\/10\/ambiente-alicante-2-768x524.jpg 768w, https:\/\/blog.servitoro.com\/wp-content\/uploads\/2025\/10\/ambiente-alicante-2-1536x1047.jpg 1536w, https:\/\/blog.servitoro.com\/wp-content\/uploads\/2025\/10\/ambiente-alicante-2.jpg 1920w\" sizes=\"(max-width: 1024px) 100vw, 1024px\" \/>\t\t\t\t\t\t\t\t<\/a>\n\t\t\t\t\t\t\t\t\t\t\t<figcaption class=\"widget-image-caption wp-caption-text\">Atmosphere of the Alicante bullring<\/figcaption>\n\t\t\t\t\t\t\t\t\t\t<\/figure>\n\t\t\t\t\t\t\t\t\t<\/div>\n\t\t\t\t<\/div>\n\t\t\t\t<div class=\"elementor-element elementor-element-0a51bd7 elementor-widget elementor-widget-text-editor\" data-id=\"0a51bd7\" data-element_type=\"widget\" data-e-type=\"widget\" data-widget_type=\"text-editor.default\">\n\t\t\t\t<div class=\"elementor-widget-container\">\n\t\t\t\t\t\t\t\t\t<p>Finally, there are bullrings where a large part of the seating is filled by <em>pe\u00f1as<\/em> (local fan clubs). Pamplona is the best-known example, though Burgos and <strong><a href=\"https:\/\/www.servitoro.com\/en\/427-bullrind-of-huesca.html\" target=\"_blank\" rel=\"noopener\">Huesca<\/a><\/strong>\u00a0also have lively groups.<br \/>If your ticket happens to be in one of these sections \u2014 usually in the sunny, cheaper stands \u2014 it\u2019s wise to either match their look (in Pamplona, that means white trousers and shirt with a red sash and scarf) or wear clothes you don\u2019t mind getting stained. In these areas, it\u2019s common for drinks, food, and celebration to spill over as part of the festive atmosphere.<\/p>\n\t\t\t\t\t\t\t\t<\/div>\n\t\t\t\t<\/div>\n\t\t\t\t<div class=\"elementor-element elementor-element-7d54f31 elementor-widget elementor-widget-image\" data-id=\"7d54f31\" data-element_type=\"widget\" data-e-type=\"widget\" data-widget_type=\"image.default\">\n\t\t\t\t<div class=\"elementor-widget-container\">\n\t\t\t\t\t\t\t\t\t\t\t\t<figure class=\"wp-caption\">\n\t\t\t\t\t\t\t\t\t\t\t<a href=\"https:\/\/www.servitoro.com\/en\/427-bullrind-of-huesca.html\" target=\"_blank\" title=\"Plaza de toros de Huesca\">\n\t\t\t\t\t\t\t<img loading=\"lazy\" decoding=\"async\" width=\"990\" height=\"661\" src=\"https:\/\/blog.servitoro.com\/wp-content\/uploads\/2025\/10\/plaza-toros-HUESCA-penas.jpg\" class=\"attachment-large size-large wp-image-10254\" alt=\"Como ir vestido\" srcset=\"https:\/\/blog.servitoro.com\/wp-content\/uploads\/2025\/10\/plaza-toros-HUESCA-penas.jpg 990w, https:\/\/blog.servitoro.com\/wp-content\/uploads\/2025\/10\/plaza-toros-HUESCA-penas-300x200.jpg 300w, https:\/\/blog.servitoro.com\/wp-content\/uploads\/2025\/10\/plaza-toros-HUESCA-penas-768x513.jpg 768w\" sizes=\"(max-width: 990px) 100vw, 990px\" \/>\t\t\t\t\t\t\t\t<\/a>\n\t\t\t\t\t\t\t\t\t\t\t<figcaption class=\"widget-image-caption wp-caption-text\">Pe\u00f1as area of \u200b\u200bthe Huesca bullring<\/figcaption>\n\t\t\t\t\t\t\t\t\t\t<\/figure>\n\t\t\t\t\t\t\t\t\t<\/div>\n\t\t\t\t<\/div>\n\t\t\t\t<div class=\"elementor-element elementor-element-ba607db elementor-widget elementor-widget-text-editor\" data-id=\"ba607db\" data-element_type=\"widget\" data-e-type=\"widget\" data-widget_type=\"text-editor.default\">\n\t\t\t\t<div class=\"elementor-widget-container\">\n\t\t\t\t\t\t\t\t\t<p>Last but not least, <strong>check the weather forecast<\/strong>. Bring a light jacket or a raincoat if temperatures drop or there\u2019s a chance of rain. Avoid umbrellas \u2014 they block the view of others \u2014 and opt for waterproofs instead. Apart from your outfit, all you really need is good company and a willingness to enjoy the day. Once you\u2019re seated, relax and let the spectacle unfold \u2014 because those wearing the <em>traje de luces<\/em> (suit of lights) will take care of the rest.<\/p>\n\t\t\t\t\t\t\t\t<\/div>\n\t\t\t\t<\/div>\n\t\t\t\t<div class=\"elementor-element elementor-element-222b9483 elementor-widget-divider--view-line elementor-widget elementor-widget-divider\" data-id=\"222b9483\" data-element_type=\"widget\" data-e-type=\"widget\" data-widget_type=\"divider.default\">\n\t\t\t\t<div class=\"elementor-widget-container\">\n\t\t\t\t\t\t\t<div class=\"elementor-divider\">\n\t\t\t<span class=\"elementor-divider-separator\">\n\t\t\t\t\t\t<\/span>\n\t\t<\/div>\n\t\t\t\t\t\t<\/div>\n\t\t\t\t<\/div>\n\t\t\t\t\t<\/div>\n\t\t\t\t<\/div>\n\t\t<div class=\"elementor-element elementor-element-69cb222 e-flex e-con-boxed e-con e-parent\" data-id=\"69cb222\" data-element_type=\"container\" data-e-type=\"container\">\n\t\t\t\t\t<div class=\"e-con-inner\">\n\t\t<div class=\"elementor-element elementor-element-449c1470 e-con-full e-flex e-con e-child\" data-id=\"449c1470\" data-element_type=\"container\" data-e-type=\"container\">\n\t\t\t\t<div class=\"elementor-element elementor-element-35aa0f72 elementor-widget elementor-widget-image\" data-id=\"35aa0f72\" data-element_type=\"widget\" data-e-type=\"widget\" data-widget_type=\"image.default\">\n\t\t\t\t<div class=\"elementor-widget-container\">\n\t\t\t\t\t\t\t\t\t\t\t\t\t\t\t<img loading=\"lazy\" decoding=\"async\" width=\"222\" height=\"251\" src=\"https:\/\/blog.servitoro.com\/wp-content\/uploads\/2024\/02\/jose-miguel-arruego.jpg\" class=\"attachment-large size-large wp-image-6455\" alt=\"Jose Miguel Arruego\" \/>\t\t\t\t\t\t\t\t\t\t\t\t\t\t\t<\/div>\n\t\t\t\t<\/div>\n\t\t\t\t<\/div>\n\t\t<div class=\"elementor-element elementor-element-109a1f61 e-con-full e-flex e-con e-child\" data-id=\"109a1f61\" data-element_type=\"container\" data-e-type=\"container\">\n\t\t\t\t<div class=\"elementor-element elementor-element-7e60f6b0 elementor-widget elementor-widget-heading\" data-id=\"7e60f6b0\" data-element_type=\"widget\" data-e-type=\"widget\" data-widget_type=\"heading.default\">\n\t\t\t\t<div class=\"elementor-widget-container\">\n\t\t\t\t\t<h2 class=\"elementor-heading-title elementor-size-default\">Author<\/h2>\t\t\t\t<\/div>\n\t\t\t\t<\/div>\n\t\t\t\t<div class=\"elementor-element elementor-element-337e9769 elementor-widget elementor-widget-text-editor\" data-id=\"337e9769\" data-element_type=\"widget\" data-e-type=\"widget\" data-widget_type=\"text-editor.default\">\n\t\t\t\t<div class=\"elementor-widget-container\">\n\t\t\t\t\t\t\t\t\t<p>Jos\u00e9 Miguel Arruego<br \/>Bullfighting Journalist<\/p>\n\t\t\t\t\t\t\t\t<\/div>\n\t\t\t\t<\/div>\n\t\t\t\t<div class=\"elementor-element elementor-element-3c093b14 elementor-widget elementor-widget-button\" data-id=\"3c093b14\" data-element_type=\"widget\" data-e-type=\"widget\" data-widget_type=\"button.default\">\n\t\t\t\t<div class=\"elementor-widget-container\">\n\t\t\t\t\t\t\t\t\t<div class=\"elementor-button-wrapper\">\n\t\t\t\t\t<a class=\"elementor-button elementor-button-link elementor-size-sm\" href=\"https:\/\/blog.servitoro.com\/en\/jose-miguel-arruego\/\" target=\"_blank\" title=\"Leer m\u00e1s art\u00edculos de Jos\u00e9 Miguel Arruego\">\n\t\t\t\t\t\t<span class=\"elementor-button-content-wrapper\">\n\t\t\t\t\t\t<span class=\"elementor-button-icon\">\n\t\t\t\t<i aria-hidden=\"true\" class=\"fas fa-angle-right\"><\/i>\t\t\t<\/span>\n\t\t\t\t\t\t\t\t\t<span class=\"elementor-button-text\">Read more articles<\/span>\n\t\t\t\t\t<\/span>\n\t\t\t\t\t<\/a>\n\t\t\t\t<\/div>\n\t\t\t\t\t\t\t\t<\/div>\n\t\t\t\t<\/div>\n\t\t\t\t<\/div>\n\t\t\t\t\t<\/div>\n\t\t\t\t<\/div>\n\t\t<div class=\"elementor-element elementor-element-1aaf6f5f e-flex e-con-boxed e-con e-parent\" data-id=\"1aaf6f5f\" data-element_type=\"container\" data-e-type=\"container\">\n\t\t\t\t\t<div class=\"e-con-inner\">\n\t\t\t\t<div class=\"elementor-element elementor-element-33a0920b elementor-widget elementor-widget-heading\" data-id=\"33a0920b\" data-element_type=\"widget\" data-e-type=\"widget\" data-widget_type=\"heading.default\">\n\t\t\t\t<div class=\"elementor-widget-container\">\n\t\t\t\t\t<h2 class=\"elementor-heading-title elementor-size-default\">Upcoming bullfighting events<\/h2>\t\t\t\t<\/div>\n\t\t\t\t<\/div>\n\t\t\t\t<div class=\"elementor-element elementor-element-5801bdde elementor-widget-divider--view-line elementor-widget elementor-widget-divider\" data-id=\"5801bdde\" data-element_type=\"widget\" data-e-type=\"widget\" data-widget_type=\"divider.default\">\n\t\t\t\t<div class=\"elementor-widget-container\">\n\t\t\t\t\t\t\t<div class=\"elementor-divider\">\n\t\t\t<span class=\"elementor-divider-separator\">\n\t\t\t\t\t\t<\/span>\n\t\t<\/div>\n\t\t\t\t\t\t<\/div>\n\t\t\t\t<\/div>\n\t\t\t\t<div class=\"elementor-element elementor-element-480f20bb elementor-widget elementor-widget-text-editor\" data-id=\"480f20bb\" data-element_type=\"widget\" data-e-type=\"widget\" data-widget_type=\"text-editor.default\">\n\t\t\t\t<div class=\"elementor-widget-container\">\n\t\t\t\t\t\t\t\t\t<p>Check out the bullfighting calendar in Spain: Seville, Valencia, Madrid&#8230; more than 150 bullrings and bullfighting shows.<\/p>\n\t\t\t\t\t\t\t\t<\/div>\n\t\t\t\t<\/div>\n\t\t\t\t<div class=\"elementor-element elementor-element-505b6fe8 elementor-align-center elementor-widget elementor-widget-button\" data-id=\"505b6fe8\" data-element_type=\"widget\" data-e-type=\"widget\" data-widget_type=\"button.default\">\n\t\t\t\t<div class=\"elementor-widget-container\">\n\t\t\t\t\t\t\t\t\t<div class=\"elementor-button-wrapper\">\n\t\t\t\t\t<a class=\"elementor-button elementor-button-link elementor-size-sm\" href=\"https:\/\/www.servitoro.com\/en\/bullfighting-calendar\" target=\"_blank\" title=\"calendario taurino\">\n\t\t\t\t\t\t<span class=\"elementor-button-content-wrapper\">\n\t\t\t\t\t\t\t\t\t<span class=\"elementor-button-text\">Schedule<\/span>\n\t\t\t\t\t<\/span>\n\t\t\t\t\t<\/a>\n\t\t\t\t<\/div>\n\t\t\t\t\t\t\t\t<\/div>\n\t\t\t\t<\/div>\n\t\t\t\t\t<\/div>\n\t\t\t\t<\/div>\n\t\t<div class=\"elementor-element elementor-element-7e2ef72a e-flex e-con-boxed e-con e-parent\" data-id=\"7e2ef72a\" data-element_type=\"container\" data-e-type=\"container\">\n\t\t\t\t\t<div class=\"e-con-inner\">\n\t\t\t\t<div class=\"elementor-element elementor-element-6cb0c438 elementor-widget elementor-widget-heading\" data-id=\"6cb0c438\" data-element_type=\"widget\" data-e-type=\"widget\" data-widget_type=\"heading.default\">\n\t\t\t\t<div class=\"elementor-widget-container\">\n\t\t\t\t\t<h2 class=\"elementor-heading-title elementor-size-default\">Latest news - you're interested!<\/h2>\t\t\t\t<\/div>\n\t\t\t\t<\/div>\n\t\t\t\t<div class=\"elementor-element elementor-element-2a1e93d4 elementor-widget-divider--view-line elementor-widget elementor-widget-divider\" data-id=\"2a1e93d4\" data-element_type=\"widget\" data-e-type=\"widget\" data-widget_type=\"divider.default\">\n\t\t\t\t<div class=\"elementor-widget-container\">\n\t\t\t\t\t\t\t<div class=\"elementor-divider\">\n\t\t\t<span class=\"elementor-divider-separator\">\n\t\t\t\t\t\t<\/span>\n\t\t<\/div>\n\t\t\t\t\t\t<\/div>\n\t\t\t\t<\/div>\n\t\t\t\t\t<\/div>\n\t\t\t\t<\/div>\n\t\t<div class=\"elementor-element elementor-element-740ecb12 e-flex e-con-boxed e-con e-parent\" data-id=\"740ecb12\" data-element_type=\"container\" data-e-type=\"container\">\n\t\t\t\t\t<div class=\"e-con-inner\">\n\t\t\t\t<div class=\"elementor-element elementor-element-496493de elementor-grid-3 elementor-grid-tablet-2 elementor-grid-mobile-1 elementor-posts--thumbnail-top elementor-widget elementor-widget-posts\" data-id=\"496493de\" data-element_type=\"widget\" data-e-type=\"widget\" data-settings=\"{&quot;pagination_type&quot;:&quot;prev_next&quot;,&quot;classic_columns&quot;:&quot;3&quot;,&quot;classic_columns_tablet&quot;:&quot;2&quot;,&quot;classic_columns_mobile&quot;:&quot;1&quot;,&quot;classic_row_gap&quot;:{&quot;unit&quot;:&quot;px&quot;,&quot;size&quot;:35,&quot;sizes&quot;:[]},&quot;classic_row_gap_tablet&quot;:{&quot;unit&quot;:&quot;px&quot;,&quot;size&quot;:&quot;&quot;,&quot;sizes&quot;:[]},&quot;classic_row_gap_mobile&quot;:{&quot;unit&quot;:&quot;px&quot;,&quot;size&quot;:&quot;&quot;,&quot;sizes&quot;:[]}}\" data-widget_type=\"posts.classic\">\n\t\t\t\t<div class=\"elementor-widget-container\">\n\t\t\t\t\t\t\t<div class=\"elementor-posts-container elementor-posts elementor-posts--skin-classic elementor-grid\" role=\"list\">\n\t\t\t\t<article class=\"elementor-post elementor-grid-item post-12291 post type-post status-publish format-standard has-post-thumbnail hentry category-bullfighting-poster-en category-jose-miguel-arruego-bullfighting-writer\" role=\"listitem\">\n\t\t\t\t<a class=\"elementor-post__thumbnail__link\" href=\"https:\/\/blog.servitoro.com\/en\/palencia-50-years-of-bullfighting-passion\/\" tabindex=\"-1\" target=&quot;_blank&quot;>\n\t\t\t<div class=\"elementor-post__thumbnail\"><img loading=\"lazy\" decoding=\"async\" width=\"300\" height=\"200\" src=\"https:\/\/blog.servitoro.com\/wp-content\/uploads\/2026\/08\/Feria-taurina-de-San-Antolin-PORTADA-300x200.jpg\" class=\"attachment-medium size-medium wp-image-12268\" alt=\"Toros Palencia 2026\" srcset=\"https:\/\/blog.servitoro.com\/wp-content\/uploads\/2026\/08\/Feria-taurina-de-San-Antolin-PORTADA-300x200.jpg 300w, https:\/\/blog.servitoro.com\/wp-content\/uploads\/2026\/08\/Feria-taurina-de-San-Antolin-PORTADA-1024x683.jpg 1024w, https:\/\/blog.servitoro.com\/wp-content\/uploads\/2026\/08\/Feria-taurina-de-San-Antolin-PORTADA-768x512.jpg 768w, https:\/\/blog.servitoro.com\/wp-content\/uploads\/2026\/08\/Feria-taurina-de-San-Antolin-PORTADA.jpg 1200w\" sizes=\"(max-width: 300px) 100vw, 300px\" \/><\/div>\n\t\t<\/a>\n\t\t\t\t<div class=\"elementor-post__text\">\n\t\t\t\t<h3 class=\"elementor-post__title\">\n\t\t\t<a href=\"https:\/\/blog.servitoro.com\/en\/palencia-50-years-of-bullfighting-passion\/\" target=&quot;_blank&quot;>\n\t\t\t\tPalencia: 50 Years of Bullfighting Passion\t\t\t<\/a>\n\t\t<\/h3>\n\t\t\t\t<div class=\"elementor-post__meta-data\">\n\t\t\t\t\t<span class=\"elementor-post-date\">\n\t\t\t24 August, 2026\t\t<\/span>\n\t\t\t\t<\/div>\n\t\t\t\t<div class=\"elementor-post__excerpt\">\n\t\t\t<div class=\"tmnf_excerpt\">The 50th-anniversary season ticket at Campos G\u00f3ticos brings the very best of bullfighting to Palenc\u2026<\/div>\t\t<\/div>\n\t\t\n\t\t<a class=\"elementor-post__read-more\" href=\"https:\/\/blog.servitoro.com\/en\/palencia-50-years-of-bullfighting-passion\/\" aria-label=\"Read more about Palencia: 50 Years of Bullfighting Passion\" tabindex=\"-1\" target=\"_blank\">\n\t\t\tRead more \u00bb\t\t<\/a>\n\n\t\t\t\t<\/div>\n\t\t\t\t<\/article>\n\t\t\t\t<article class=\"elementor-post elementor-grid-item post-12323 post type-post status-publish format-standard has-post-thumbnail hentry category-bullfighting-poster-en category-bullfighting-writers category-jose-miguel-arruego-bullfighting-writer\" role=\"listitem\">\n\t\t\t\t<a class=\"elementor-post__thumbnail__link\" href=\"https:\/\/blog.servitoro.com\/en\/corrida-del-motin-2026-bullfighting-as-an-art-form\/\" tabindex=\"-1\" target=&quot;_blank&quot;>\n\t\t\t<div class=\"elementor-post__thumbnail\"><img loading=\"lazy\" decoding=\"async\" width=\"300\" height=\"200\" src=\"https:\/\/blog.servitoro.com\/wp-content\/uploads\/2026\/08\/plaza-de-toros-de-aranjuez-tradicional-corrida-de-toros-de-la-feria-del-motin-2026-PORTADA-300x200.jpg\" class=\"attachment-medium size-medium wp-image-12314\" alt=\"Feria del Mot\u00edn en la Plaza de Toros de Aranjuez\" srcset=\"https:\/\/blog.servitoro.com\/wp-content\/uploads\/2026\/08\/plaza-de-toros-de-aranjuez-tradicional-corrida-de-toros-de-la-feria-del-motin-2026-PORTADA-300x200.jpg 300w, https:\/\/blog.servitoro.com\/wp-content\/uploads\/2026\/08\/plaza-de-toros-de-aranjuez-tradicional-corrida-de-toros-de-la-feria-del-motin-2026-PORTADA-1024x683.jpg 1024w, https:\/\/blog.servitoro.com\/wp-content\/uploads\/2026\/08\/plaza-de-toros-de-aranjuez-tradicional-corrida-de-toros-de-la-feria-del-motin-2026-PORTADA-768x512.jpg 768w, https:\/\/blog.servitoro.com\/wp-content\/uploads\/2026\/08\/plaza-de-toros-de-aranjuez-tradicional-corrida-de-toros-de-la-feria-del-motin-2026-PORTADA.jpg 1200w\" sizes=\"(max-width: 300px) 100vw, 300px\" \/><\/div>\n\t\t<\/a>\n\t\t\t\t<div class=\"elementor-post__text\">\n\t\t\t\t<h3 class=\"elementor-post__title\">\n\t\t\t<a href=\"https:\/\/blog.servitoro.com\/en\/corrida-del-motin-2026-bullfighting-as-an-art-form\/\" target=&quot;_blank&quot;>\n\t\t\t\tCorrida del Mot\u00edn 2026: Bullfighting as an Art Form\t\t\t<\/a>\n\t\t<\/h3>\n\t\t\t\t<div class=\"elementor-post__meta-data\">\n\t\t\t\t\t<span class=\"elementor-post-date\">\n\t\t\t24 August, 2026\t\t<\/span>\n\t\t\t\t<\/div>\n\t\t\t\t<div class=\"elementor-post__excerpt\">\n\t\t\t<div class=\"tmnf_excerpt\">The magnificent neoclassical setting of Aranjuez brings together three masters of artistic bullfigh\u2026<\/div>\t\t<\/div>\n\t\t\n\t\t<a class=\"elementor-post__read-more\" href=\"https:\/\/blog.servitoro.com\/en\/corrida-del-motin-2026-bullfighting-as-an-art-form\/\" aria-label=\"Read more about Corrida del Mot\u00edn 2026: Bullfighting as an Art Form\" tabindex=\"-1\" target=\"_blank\">\n\t\t\tRead more \u00bb\t\t<\/a>\n\n\t\t\t\t<\/div>\n\t\t\t\t<\/article>\n\t\t\t\t<article class=\"elementor-post elementor-grid-item post-12261 post type-post status-publish format-standard has-post-thumbnail hentry category-bullfighting-poster-en category-bullfighting-writers category-jose-miguel-arruego-bullfighting-writer\" role=\"listitem\">\n\t\t\t\t<a class=\"elementor-post__thumbnail__link\" href=\"https:\/\/blog.servitoro.com\/en\/colmenar-viejo-the-standards-of-a-second-tier-bullring-with-first-class-credentials\/\" tabindex=\"-1\" target=&quot;_blank&quot;>\n\t\t\t<div class=\"elementor-post__thumbnail\"><img loading=\"lazy\" decoding=\"async\" width=\"300\" height=\"200\" src=\"https:\/\/blog.servitoro.com\/wp-content\/uploads\/2026\/08\/plaza-toros-colmenar-viejo-feria-de-los-remedios-2026-PORTADA-300x200.jpg\" class=\"attachment-medium size-medium wp-image-12243\" alt=\"Feria de los Remedios - Colmenar Viejo, Madrid 2026\" srcset=\"https:\/\/blog.servitoro.com\/wp-content\/uploads\/2026\/08\/plaza-toros-colmenar-viejo-feria-de-los-remedios-2026-PORTADA-300x200.jpg 300w, https:\/\/blog.servitoro.com\/wp-content\/uploads\/2026\/08\/plaza-toros-colmenar-viejo-feria-de-los-remedios-2026-PORTADA-1024x683.jpg 1024w, https:\/\/blog.servitoro.com\/wp-content\/uploads\/2026\/08\/plaza-toros-colmenar-viejo-feria-de-los-remedios-2026-PORTADA-768x512.jpg 768w, https:\/\/blog.servitoro.com\/wp-content\/uploads\/2026\/08\/plaza-toros-colmenar-viejo-feria-de-los-remedios-2026-PORTADA.jpg 1200w\" sizes=\"(max-width: 300px) 100vw, 300px\" \/><\/div>\n\t\t<\/a>\n\t\t\t\t<div class=\"elementor-post__text\">\n\t\t\t\t<h3 class=\"elementor-post__title\">\n\t\t\t<a href=\"https:\/\/blog.servitoro.com\/en\/colmenar-viejo-the-standards-of-a-second-tier-bullring-with-first-class-credentials\/\" target=&quot;_blank&quot;>\n\t\t\t\tColmenar Viejo: The Standards of a Second-Tier Bullring with First-Class Credentials\t\t\t<\/a>\n\t\t<\/h3>\n\t\t\t\t<div class=\"elementor-post__meta-data\">\n\t\t\t\t\t<span class=\"elementor-post-date\">\n\t\t\t13 August, 2026\t\t<\/span>\n\t\t\t\t<\/div>\n\t\t\t\t<div class=\"elementor-post__excerpt\">\n\t\t\t<div class=\"tmnf_excerpt\">Colmenar Viejo presents an outstanding Los Remedios season-ticket package, combining a commitment t\u2026<\/div>\t\t<\/div>\n\t\t\n\t\t<a class=\"elementor-post__read-more\" href=\"https:\/\/blog.servitoro.com\/en\/colmenar-viejo-the-standards-of-a-second-tier-bullring-with-first-class-credentials\/\" aria-label=\"Read more about Colmenar Viejo: The Standards of a Second-Tier Bullring with First-Class Credentials\" tabindex=\"-1\" target=\"_blank\">\n\t\t\tRead more \u00bb\t\t<\/a>\n\n\t\t\t\t<\/div>\n\t\t\t\t<\/article>\n\t\t\t\t<article class=\"elementor-post elementor-grid-item post-12234 post type-post status-publish format-standard has-post-thumbnail hentry category-jose-miguel-arruego-bullfighting-writer\" role=\"listitem\">\n\t\t\t\t<a class=\"elementor-post__thumbnail__link\" href=\"https:\/\/blog.servitoro.com\/en\/the-miracle-of-san-roque-la-peregrina-demands-commitment\/\" tabindex=\"-1\" target=&quot;_blank&quot;>\n\t\t\t<div class=\"elementor-post__thumbnail\"><img loading=\"lazy\" decoding=\"async\" width=\"300\" height=\"142\" src=\"https:\/\/blog.servitoro.com\/wp-content\/uploads\/2026\/07\/pontevedra-300x142.jpeg\" class=\"attachment-medium size-medium wp-image-12211\" alt=\"La Peregrina 2026\" srcset=\"https:\/\/blog.servitoro.com\/wp-content\/uploads\/2026\/07\/pontevedra-300x142.jpeg 300w, https:\/\/blog.servitoro.com\/wp-content\/uploads\/2026\/07\/pontevedra-1024x484.jpeg 1024w, https:\/\/blog.servitoro.com\/wp-content\/uploads\/2026\/07\/pontevedra-768x363.jpeg 768w, https:\/\/blog.servitoro.com\/wp-content\/uploads\/2026\/07\/pontevedra-1536x727.jpeg 1536w, https:\/\/blog.servitoro.com\/wp-content\/uploads\/2026\/07\/pontevedra.jpeg 1600w\" sizes=\"(max-width: 300px) 100vw, 300px\" \/><\/div>\n\t\t<\/a>\n\t\t\t\t<div class=\"elementor-post__text\">\n\t\t\t\t<h3 class=\"elementor-post__title\">\n\t\t\t<a href=\"https:\/\/blog.servitoro.com\/en\/the-miracle-of-san-roque-la-peregrina-demands-commitment\/\" target=&quot;_blank&quot;>\n\t\t\t\tThe Miracle of San Roque: La Peregrina Demands Commitment\t\t\t<\/a>\n\t\t<\/h3>\n\t\t\t\t<div class=\"elementor-post__meta-data\">\n\t\t\t\t\t<span class=\"elementor-post-date\">\n\t\t\t20 July, 2026\t\t<\/span>\n\t\t\t\t<\/div>\n\t\t\t\t<div class=\"elementor-post__excerpt\">\n\t\t\t<div class=\"tmnf_excerpt\">La Peregrina 2026 is far more than another summer fixture. It is an essential cultural battleground\u2026<\/div>\t\t<\/div>\n\t\t\n\t\t<a class=\"elementor-post__read-more\" href=\"https:\/\/blog.servitoro.com\/en\/the-miracle-of-san-roque-la-peregrina-demands-commitment\/\" aria-label=\"Read more about The Miracle of San Roque: La Peregrina Demands Commitment\" tabindex=\"-1\" target=\"_blank\">\n\t\t\tRead more \u00bb\t\t<\/a>\n\n\t\t\t\t<\/div>\n\t\t\t\t<\/article>\n\t\t\t\t<article class=\"elementor-post elementor-grid-item post-12204 post type-post status-publish format-standard has-post-thumbnail hentry category-bullfighting-poster-en category-jose-miguel-arruego-bullfighting-writer\" role=\"listitem\">\n\t\t\t\t<a class=\"elementor-post__thumbnail__link\" href=\"https:\/\/blog.servitoro.com\/en\/huelva-during-colombinas-the-best-kept-secret-of-the-bullfighting-summer\/\" tabindex=\"-1\" target=&quot;_blank&quot;>\n\t\t\t<div class=\"elementor-post__thumbnail\"><img loading=\"lazy\" decoding=\"async\" width=\"300\" height=\"226\" src=\"https:\/\/blog.servitoro.com\/wp-content\/uploads\/2026\/06\/plaza-de-toros-de-huelva-morante-de-la-puebla-PORTADA-300x226.jpg\" class=\"attachment-medium size-medium wp-image-12124\" alt=\"Torero Morante\" srcset=\"https:\/\/blog.servitoro.com\/wp-content\/uploads\/2026\/06\/plaza-de-toros-de-huelva-morante-de-la-puebla-PORTADA-300x226.jpg 300w, https:\/\/blog.servitoro.com\/wp-content\/uploads\/2026\/06\/plaza-de-toros-de-huelva-morante-de-la-puebla-PORTADA-1024x770.jpg 1024w, https:\/\/blog.servitoro.com\/wp-content\/uploads\/2026\/06\/plaza-de-toros-de-huelva-morante-de-la-puebla-PORTADA-768x578.jpg 768w, https:\/\/blog.servitoro.com\/wp-content\/uploads\/2026\/06\/plaza-de-toros-de-huelva-morante-de-la-puebla-PORTADA-1536x1155.jpg 1536w, https:\/\/blog.servitoro.com\/wp-content\/uploads\/2026\/06\/plaza-de-toros-de-huelva-morante-de-la-puebla-PORTADA.jpg 1920w\" sizes=\"(max-width: 300px) 100vw, 300px\" \/><\/div>\n\t\t<\/a>\n\t\t\t\t<div class=\"elementor-post__text\">\n\t\t\t\t<h3 class=\"elementor-post__title\">\n\t\t\t<a href=\"https:\/\/blog.servitoro.com\/en\/huelva-during-colombinas-the-best-kept-secret-of-the-bullfighting-summer\/\" target=&quot;_blank&quot;>\n\t\t\t\tHuelva During Colombinas: The Best-Kept Secret of the Bullfighting Summer\t\t\t<\/a>\n\t\t<\/h3>\n\t\t\t\t<div class=\"elementor-post__meta-data\">\n\t\t\t\t\t<span class=\"elementor-post-date\">\n\t\t\t6 July, 2026\t\t<\/span>\n\t\t\t\t<\/div>\n\t\t\t\t<div class=\"elementor-post__excerpt\">\n\t\t\t<div class=\"tmnf_excerpt\">Forget the usual summer destinations. Hidden Huelva comes alive during the Colombinas Fair 2026, wh\u2026<\/div>\t\t<\/div>\n\t\t\n\t\t<a class=\"elementor-post__read-more\" href=\"https:\/\/blog.servitoro.com\/en\/huelva-during-colombinas-the-best-kept-secret-of-the-bullfighting-summer\/\" aria-label=\"Read more about Huelva During Colombinas: The Best-Kept Secret of the Bullfighting Summer\" tabindex=\"-1\" target=\"_blank\">\n\t\t\tRead more \u00bb\t\t<\/a>\n\n\t\t\t\t<\/div>\n\t\t\t\t<\/article>\n\t\t\t\t<article class=\"elementor-post elementor-grid-item post-12115 post type-post status-publish format-standard has-post-thumbnail hentry category-bullfighting-poster-en category-jose-miguel-arruego-bullfighting-writer\" role=\"listitem\">\n\t\t\t\t<a class=\"elementor-post__thumbnail__link\" href=\"https:\/\/blog.servitoro.com\/en\/soria-at-san-juan-the-bull-as-the-soul-ritual-and-passion-of-a-people\/\" tabindex=\"-1\" target=&quot;_blank&quot;>\n\t\t\t<div class=\"elementor-post__thumbnail\"><img loading=\"lazy\" decoding=\"async\" width=\"300\" height=\"224\" src=\"https:\/\/blog.servitoro.com\/wp-content\/uploads\/2026\/06\/plaza-de-toros-de-soria-feria-de-san-juan-2026-PORTADA-300x224.jpg\" class=\"attachment-medium size-medium wp-image-12074\" alt=\"Turismo en Soria\" srcset=\"https:\/\/blog.servitoro.com\/wp-content\/uploads\/2026\/06\/plaza-de-toros-de-soria-feria-de-san-juan-2026-PORTADA-300x224.jpg 300w, https:\/\/blog.servitoro.com\/wp-content\/uploads\/2026\/06\/plaza-de-toros-de-soria-feria-de-san-juan-2026-PORTADA-1024x765.jpg 1024w, https:\/\/blog.servitoro.com\/wp-content\/uploads\/2026\/06\/plaza-de-toros-de-soria-feria-de-san-juan-2026-PORTADA-768x574.jpg 768w, https:\/\/blog.servitoro.com\/wp-content\/uploads\/2026\/06\/plaza-de-toros-de-soria-feria-de-san-juan-2026-PORTADA-1536x1148.jpg 1536w, https:\/\/blog.servitoro.com\/wp-content\/uploads\/2026\/06\/plaza-de-toros-de-soria-feria-de-san-juan-2026-PORTADA.jpg 1600w\" sizes=\"(max-width: 300px) 100vw, 300px\" \/><\/div>\n\t\t<\/a>\n\t\t\t\t<div class=\"elementor-post__text\">\n\t\t\t\t<h3 class=\"elementor-post__title\">\n\t\t\t<a href=\"https:\/\/blog.servitoro.com\/en\/soria-at-san-juan-the-bull-as-the-soul-ritual-and-passion-of-a-people\/\" target=&quot;_blank&quot;>\n\t\t\t\tSoria at San Juan: The Bull as the Soul, Ritual and Passion of a People\t\t\t<\/a>\n\t\t<\/h3>\n\t\t\t\t<div class=\"elementor-post__meta-data\">\n\t\t\t\t\t<span class=\"elementor-post-date\">\n\t\t\t16 June, 2026\t\t<\/span>\n\t\t\t\t<\/div>\n\t\t\t\t<div class=\"elementor-post__excerpt\">\n\t\t\t<div class=\"tmnf_excerpt\">Soria is waiting for you to experience the unstoppable spirit of San Juan! Don\u2019t just hear about it\u2026<\/div>\t\t<\/div>\n\t\t\n\t\t<a class=\"elementor-post__read-more\" href=\"https:\/\/blog.servitoro.com\/en\/soria-at-san-juan-the-bull-as-the-soul-ritual-and-passion-of-a-people\/\" aria-label=\"Read more about Soria at San Juan: The Bull as the Soul, Ritual and Passion of a People\" tabindex=\"-1\" target=\"_blank\">\n\t\t\tRead more \u00bb\t\t<\/a>\n\n\t\t\t\t<\/div>\n\t\t\t\t<\/article>\n\t\t\t\t<\/div>\n\t\t\n\t\t\t\t<div class=\"e-load-more-anchor\" data-page=\"1\" data-max-page=\"41\" data-next-page=\"https:\/\/blog.servitoro.com\/en\/wp-json\/wp\/v2\/posts\/10272\/page\/2\/\"><\/div>\n\t\t\t\t<nav class=\"elementor-pagination\" aria-label=\"Pagination\">\n\t\t\t<span class=\"page-numbers prev\">&laquo; Previous<\/span>\n<a class=\"page-numbers next\" href=\"https:\/\/blog.servitoro.com\/en\/wp-json\/wp\/v2\/posts\/10272\/page\/2\/\">Next &raquo;<\/a>\t\t<\/nav>\n\t\t\t\t\t\t<\/div>\n\t\t\t\t<\/div>\n\t\t\t\t\t<\/div>\n\t\t\t\t<\/div>\n\t\t\t\t<\/div>\n\t\t","protected":false},"excerpt":{"rendered":"<div class=\"tmnf_excerpt\">It\u2019s one of the most common questions when someone gets invited to a bullfight: \u201cWhat should I wear\u2026<\/div>","protected":false},"author":3528,"featured_media":10233,"comment_status":"closed","ping_status":"open","sticky":false,"template":"","format":"standard","meta":{"_uf_show_specific_survey":0,"_uf_disable_surveys":false,"footnotes":""},"categories":[1797,339,1790],"tags":[],"class_list":["post-10272","post","type-post","status-publish","format-standard","has-post-thumbnail","hentry","category-bullfighting-fashion","category-bullfighting-curiosities","category-jose-miguel-arruego-bullfighting-writer"],"yoast_head":"<!-- This site is optimized with the Yoast SEO plugin v28.4 - https:\/\/yoast.com\/product\/yoast-seo-wordpress\/ -->\n<title>How to Dress for a Bullfight - Blog Taurino - Entradas Toros<\/title>\n<meta name=\"description\" content=\"Not sure what to wear to a bullfight? Discover Servitoro\u2019s guide on how to dress appropriately for a corrida, depending on the city, the atmosphere, and the local traditions. Tips on style, etiquette, and even a few superstitions to help you enjoy the spectacle with confidence and respect.\" \/>\n<meta name=\"robots\" content=\"index, follow, max-snippet:-1, max-image-preview:large, max-video-preview:-1\" \/>\n<link rel=\"canonical\" href=\"https:\/\/blog.servitoro.com\/en\/soria-at-san-juan-the-bull-as-the-soul-ritual-and-passion-of-a-people\/\" \/>\n<meta property=\"og:locale\" content=\"en_US\" \/>\n<meta property=\"og:type\" content=\"article\" \/>\n<meta property=\"og:title\" content=\"How to Dress for a Bullfight - Blog Taurino - Entradas Toros\" \/>\n<meta property=\"og:description\" content=\"Not sure what to wear to a bullfight? Discover Servitoro\u2019s guide on how to dress appropriately for a corrida, depending on the city, the atmosphere, and the local traditions. Tips on style, etiquette, and even a few superstitions to help you enjoy the spectacle with confidence and respect.\" \/>\n<meta property=\"og:url\" content=\"https:\/\/blog.servitoro.com\/como-ir-vestido-a-una-corrida-de-toros\/\" \/>\n<meta property=\"og:site_name\" content=\"Blog Taurino - Entradas Toros\" \/>\n<meta property=\"article:publisher\" content=\"https:\/\/www.facebook.com\/Entradastoros\/\" \/>\n<meta property=\"article:published_time\" content=\"2025-10-22T10:07:11+00:00\" \/>\n<meta property=\"article:modified_time\" content=\"2025-10-22T10:14:27+00:00\" \/>\n<meta property=\"og:image\" content=\"https:\/\/blog.servitoro.com\/wp-content\/uploads\/2025\/10\/ambiente-en-tendidos-de-sol.jpg\" \/>\n\t<meta property=\"og:image:width\" content=\"1920\" \/>\n\t<meta property=\"og:image:height\" content=\"1282\" \/>\n\t<meta property=\"og:image:type\" content=\"image\/jpeg\" \/>\n<meta name=\"author\" content=\"BLANCA Rios Montes\" \/>\n<meta name=\"twitter:card\" content=\"summary_large_image\" \/>\n<meta name=\"twitter:creator\" content=\"@Servitoro\" \/>\n<meta name=\"twitter:site\" content=\"@Servitoro\" \/>\n<meta name=\"twitter:label1\" content=\"Written by\" \/>\n\t<meta name=\"twitter:data1\" content=\"BLANCA Rios Montes\" \/>\n\t<meta name=\"twitter:label2\" content=\"Est. reading time\" \/>\n\t<meta name=\"twitter:data2\" content=\"3 minutes\" \/>\n<script type=\"application\/ld+json\" class=\"yoast-schema-graph\">{\"@context\":\"https:\\\/\\\/schema.org\",\"@graph\":[{\"@type\":\"Article\",\"@id\":\"https:\\\/\\\/blog.servitoro.com\\\/como-ir-vestido-a-una-corrida-de-toros\\\/#article\",\"isPartOf\":{\"@id\":\"https:\\\/\\\/blog.servitoro.com\\\/como-ir-vestido-a-una-corrida-de-toros\\\/\"},\"author\":{\"name\":\"BLANCA Rios Montes\",\"@id\":\"https:\\\/\\\/blog.servitoro.com\\\/#\\\/schema\\\/person\\\/72ab1b6d39e5eb59aeb976bf72d69540\"},\"headline\":\"How to Dress for a Bullfight\",\"datePublished\":\"2025-10-22T10:07:11+00:00\",\"dateModified\":\"2025-10-22T10:14:27+00:00\",\"mainEntityOfPage\":{\"@id\":\"https:\\\/\\\/blog.servitoro.com\\\/como-ir-vestido-a-una-corrida-de-toros\\\/\"},\"wordCount\":588,\"image\":{\"@id\":\"https:\\\/\\\/blog.servitoro.com\\\/como-ir-vestido-a-una-corrida-de-toros\\\/#primaryimage\"},\"thumbnailUrl\":\"https:\\\/\\\/blog.servitoro.com\\\/wp-content\\\/uploads\\\/2025\\\/10\\\/ambiente-en-tendidos-de-sol.jpg\",\"articleSection\":[\"Bullfighting Fashion\",\"Curiosities\",\"Jos\u00e9 Miguel Arruego\"],\"inLanguage\":\"en-US\"},{\"@type\":\"WebPage\",\"@id\":\"https:\\\/\\\/blog.servitoro.com\\\/como-ir-vestido-a-una-corrida-de-toros\\\/\",\"url\":\"https:\\\/\\\/blog.servitoro.com\\\/como-ir-vestido-a-una-corrida-de-toros\\\/\",\"name\":\"How to Dress for a Bullfight - Blog Taurino - Entradas Toros\",\"isPartOf\":{\"@id\":\"https:\\\/\\\/blog.servitoro.com\\\/#website\"},\"primaryImageOfPage\":{\"@id\":\"https:\\\/\\\/blog.servitoro.com\\\/como-ir-vestido-a-una-corrida-de-toros\\\/#primaryimage\"},\"image\":{\"@id\":\"https:\\\/\\\/blog.servitoro.com\\\/como-ir-vestido-a-una-corrida-de-toros\\\/#primaryimage\"},\"thumbnailUrl\":\"https:\\\/\\\/blog.servitoro.com\\\/wp-content\\\/uploads\\\/2025\\\/10\\\/ambiente-en-tendidos-de-sol.jpg\",\"datePublished\":\"2025-10-22T10:07:11+00:00\",\"dateModified\":\"2025-10-22T10:14:27+00:00\",\"author\":{\"@id\":\"https:\\\/\\\/blog.servitoro.com\\\/#\\\/schema\\\/person\\\/72ab1b6d39e5eb59aeb976bf72d69540\"},\"description\":\"Not sure what to wear to a bullfight? Discover Servitoro\u2019s guide on how to dress appropriately for a corrida, depending on the city, the atmosphere, and the local traditions. Tips on style, etiquette, and even a few superstitions to help you enjoy the spectacle with confidence and respect.\",\"breadcrumb\":{\"@id\":\"https:\\\/\\\/blog.servitoro.com\\\/como-ir-vestido-a-una-corrida-de-toros\\\/#breadcrumb\"},\"inLanguage\":\"en-US\",\"potentialAction\":[{\"@type\":\"ReadAction\",\"target\":[\"https:\\\/\\\/blog.servitoro.com\\\/como-ir-vestido-a-una-corrida-de-toros\\\/\"]}]},{\"@type\":\"ImageObject\",\"inLanguage\":\"en-US\",\"@id\":\"https:\\\/\\\/blog.servitoro.com\\\/como-ir-vestido-a-una-corrida-de-toros\\\/#primaryimage\",\"url\":\"https:\\\/\\\/blog.servitoro.com\\\/wp-content\\\/uploads\\\/2025\\\/10\\\/ambiente-en-tendidos-de-sol.jpg\",\"contentUrl\":\"https:\\\/\\\/blog.servitoro.com\\\/wp-content\\\/uploads\\\/2025\\\/10\\\/ambiente-en-tendidos-de-sol.jpg\",\"width\":1920,\"height\":1282,\"caption\":\"Como ir vestido\"},{\"@type\":\"BreadcrumbList\",\"@id\":\"https:\\\/\\\/blog.servitoro.com\\\/como-ir-vestido-a-una-corrida-de-toros\\\/#breadcrumb\",\"itemListElement\":[{\"@type\":\"ListItem\",\"position\":1,\"name\":\"Portada\",\"item\":\"https:\\\/\\\/blog.servitoro.com\\\/en\\\/\"},{\"@type\":\"ListItem\",\"position\":2,\"name\":\"Moda Taurina\",\"item\":\"https:\\\/\\\/blog.servitoro.com\\\/moda-taurina\\\/\"},{\"@type\":\"ListItem\",\"position\":3,\"name\":\"How to Dress for a Bullfight\"}]},{\"@type\":\"WebSite\",\"@id\":\"https:\\\/\\\/blog.servitoro.com\\\/#website\",\"url\":\"https:\\\/\\\/blog.servitoro.com\\\/\",\"name\":\"Blog Taurino - Entradas Toros\",\"description\":\"Actualidad, carteles y opini\u00f3n del mundo del toro. Toda la informaci\u00f3n sobre toreros, ganader\u00edas y plazas de toros.\",\"potentialAction\":[{\"@type\":\"SearchAction\",\"target\":{\"@type\":\"EntryPoint\",\"urlTemplate\":\"https:\\\/\\\/blog.servitoro.com\\\/?s={search_term_string}\"},\"query-input\":{\"@type\":\"PropertyValueSpecification\",\"valueRequired\":true,\"valueName\":\"search_term_string\"}}],\"inLanguage\":\"en-US\"},{\"@type\":\"Person\",\"@id\":\"https:\\\/\\\/blog.servitoro.com\\\/#\\\/schema\\\/person\\\/72ab1b6d39e5eb59aeb976bf72d69540\",\"name\":\"BLANCA Rios Montes\",\"image\":{\"@type\":\"ImageObject\",\"inLanguage\":\"en-US\",\"@id\":\"https:\\\/\\\/secure.gravatar.com\\\/avatar\\\/b6da2e87b1dc23a9f3c62e010c137a534326de9c405dc2911bc3880be2844a8c?s=96&d=mm&r=g\",\"url\":\"https:\\\/\\\/secure.gravatar.com\\\/avatar\\\/b6da2e87b1dc23a9f3c62e010c137a534326de9c405dc2911bc3880be2844a8c?s=96&d=mm&r=g\",\"contentUrl\":\"https:\\\/\\\/secure.gravatar.com\\\/avatar\\\/b6da2e87b1dc23a9f3c62e010c137a534326de9c405dc2911bc3880be2844a8c?s=96&d=mm&r=g\",\"caption\":\"BLANCA Rios Montes\"},\"sameAs\":[\"https:\\\/\\\/www.servitoro.com\\\/es\\\/\"]}]}<\/script>\n<!-- \/ Yoast SEO plugin. -->","yoast_head_json":{"title":"How to Dress for a Bullfight - Blog Taurino - Entradas Toros","description":"Not sure what to wear to a bullfight? Discover Servitoro\u2019s guide on how to dress appropriately for a corrida, depending on the city, the atmosphere, and the local traditions. Tips on style, etiquette, and even a few superstitions to help you enjoy the spectacle with confidence and respect.","robots":{"index":"index","follow":"follow","max-snippet":"max-snippet:-1","max-image-preview":"max-image-preview:large","max-video-preview":"max-video-preview:-1"},"canonical":"https:\/\/blog.servitoro.com\/en\/soria-at-san-juan-the-bull-as-the-soul-ritual-and-passion-of-a-people\/","og_locale":"en_US","og_type":"article","og_title":"How to Dress for a Bullfight - Blog Taurino - Entradas Toros","og_description":"Not sure what to wear to a bullfight? Discover Servitoro\u2019s guide on how to dress appropriately for a corrida, depending on the city, the atmosphere, and the local traditions. Tips on style, etiquette, and even a few superstitions to help you enjoy the spectacle with confidence and respect.","og_url":"https:\/\/blog.servitoro.com\/como-ir-vestido-a-una-corrida-de-toros\/","og_site_name":"Blog Taurino - Entradas Toros","article_publisher":"https:\/\/www.facebook.com\/Entradastoros\/","article_published_time":"2025-10-22T10:07:11+00:00","article_modified_time":"2025-10-22T10:14:27+00:00","og_image":[{"width":1920,"height":1282,"url":"https:\/\/blog.servitoro.com\/wp-content\/uploads\/2025\/10\/ambiente-en-tendidos-de-sol.jpg","type":"image\/jpeg"}],"author":"BLANCA Rios Montes","twitter_card":"summary_large_image","twitter_creator":"@Servitoro","twitter_site":"@Servitoro","twitter_misc":{"Written by":"BLANCA Rios Montes","Est. reading time":"3 minutes"},"schema":{"@context":"https:\/\/schema.org","@graph":[{"@type":"Article","@id":"https:\/\/blog.servitoro.com\/como-ir-vestido-a-una-corrida-de-toros\/#article","isPartOf":{"@id":"https:\/\/blog.servitoro.com\/como-ir-vestido-a-una-corrida-de-toros\/"},"author":{"name":"BLANCA Rios Montes","@id":"https:\/\/blog.servitoro.com\/#\/schema\/person\/72ab1b6d39e5eb59aeb976bf72d69540"},"headline":"How to Dress for a Bullfight","datePublished":"2025-10-22T10:07:11+00:00","dateModified":"2025-10-22T10:14:27+00:00","mainEntityOfPage":{"@id":"https:\/\/blog.servitoro.com\/como-ir-vestido-a-una-corrida-de-toros\/"},"wordCount":588,"image":{"@id":"https:\/\/blog.servitoro.com\/como-ir-vestido-a-una-corrida-de-toros\/#primaryimage"},"thumbnailUrl":"https:\/\/blog.servitoro.com\/wp-content\/uploads\/2025\/10\/ambiente-en-tendidos-de-sol.jpg","articleSection":["Bullfighting Fashion","Curiosities","Jos\u00e9 Miguel Arruego"],"inLanguage":"en-US"},{"@type":"WebPage","@id":"https:\/\/blog.servitoro.com\/como-ir-vestido-a-una-corrida-de-toros\/","url":"https:\/\/blog.servitoro.com\/como-ir-vestido-a-una-corrida-de-toros\/","name":"How to Dress for a Bullfight - Blog Taurino - Entradas Toros","isPartOf":{"@id":"https:\/\/blog.servitoro.com\/#website"},"primaryImageOfPage":{"@id":"https:\/\/blog.servitoro.com\/como-ir-vestido-a-una-corrida-de-toros\/#primaryimage"},"image":{"@id":"https:\/\/blog.servitoro.com\/como-ir-vestido-a-una-corrida-de-toros\/#primaryimage"},"thumbnailUrl":"https:\/\/blog.servitoro.com\/wp-content\/uploads\/2025\/10\/ambiente-en-tendidos-de-sol.jpg","datePublished":"2025-10-22T10:07:11+00:00","dateModified":"2025-10-22T10:14:27+00:00","author":{"@id":"https:\/\/blog.servitoro.com\/#\/schema\/person\/72ab1b6d39e5eb59aeb976bf72d69540"},"description":"Not sure what to wear to a bullfight? Discover Servitoro\u2019s guide on how to dress appropriately for a corrida, depending on the city, the atmosphere, and the local traditions. Tips on style, etiquette, and even a few superstitions to help you enjoy the spectacle with confidence and respect.","breadcrumb":{"@id":"https:\/\/blog.servitoro.com\/como-ir-vestido-a-una-corrida-de-toros\/#breadcrumb"},"inLanguage":"en-US","potentialAction":[{"@type":"ReadAction","target":["https:\/\/blog.servitoro.com\/como-ir-vestido-a-una-corrida-de-toros\/"]}]},{"@type":"ImageObject","inLanguage":"en-US","@id":"https:\/\/blog.servitoro.com\/como-ir-vestido-a-una-corrida-de-toros\/#primaryimage","url":"https:\/\/blog.servitoro.com\/wp-content\/uploads\/2025\/10\/ambiente-en-tendidos-de-sol.jpg","contentUrl":"https:\/\/blog.servitoro.com\/wp-content\/uploads\/2025\/10\/ambiente-en-tendidos-de-sol.jpg","width":1920,"height":1282,"caption":"Como ir vestido"},{"@type":"BreadcrumbList","@id":"https:\/\/blog.servitoro.com\/como-ir-vestido-a-una-corrida-de-toros\/#breadcrumb","itemListElement":[{"@type":"ListItem","position":1,"name":"Portada","item":"https:\/\/blog.servitoro.com\/en\/"},{"@type":"ListItem","position":2,"name":"Moda Taurina","item":"https:\/\/blog.servitoro.com\/moda-taurina\/"},{"@type":"ListItem","position":3,"name":"How to Dress for a Bullfight"}]},{"@type":"WebSite","@id":"https:\/\/blog.servitoro.com\/#website","url":"https:\/\/blog.servitoro.com\/","name":"Blog Taurino - Entradas Toros","description":"Actualidad, carteles y opini\u00f3n del mundo del toro. Toda la informaci\u00f3n sobre toreros, ganader\u00edas y plazas de toros.","potentialAction":[{"@type":"SearchAction","target":{"@type":"EntryPoint","urlTemplate":"https:\/\/blog.servitoro.com\/?s={search_term_string}"},"query-input":{"@type":"PropertyValueSpecification","valueRequired":true,"valueName":"search_term_string"}}],"inLanguage":"en-US"},{"@type":"Person","@id":"https:\/\/blog.servitoro.com\/#\/schema\/person\/72ab1b6d39e5eb59aeb976bf72d69540","name":"BLANCA Rios Montes","image":{"@type":"ImageObject","inLanguage":"en-US","@id":"https:\/\/secure.gravatar.com\/avatar\/b6da2e87b1dc23a9f3c62e010c137a534326de9c405dc2911bc3880be2844a8c?s=96&d=mm&r=g","url":"https:\/\/secure.gravatar.com\/avatar\/b6da2e87b1dc23a9f3c62e010c137a534326de9c405dc2911bc3880be2844a8c?s=96&d=mm&r=g","contentUrl":"https:\/\/secure.gravatar.com\/avatar\/b6da2e87b1dc23a9f3c62e010c137a534326de9c405dc2911bc3880be2844a8c?s=96&d=mm&r=g","caption":"BLANCA Rios Montes"},"sameAs":["https:\/\/www.servitoro.com\/es\/"]}]}},"_links":{"self":[{"href":"https:\/\/blog.servitoro.com\/en\/wp-json\/wp\/v2\/posts\/10272","targetHints":{"allow":["GET"]}}],"collection":[{"href":"https:\/\/blog.servitoro.com\/en\/wp-json\/wp\/v2\/posts"}],"about":[{"href":"https:\/\/blog.servitoro.com\/en\/wp-json\/wp\/v2\/types\/post"}],"author":[{"embeddable":true,"href":"https:\/\/blog.servitoro.com\/en\/wp-json\/wp\/v2\/users\/3528"}],"replies":[{"embeddable":true,"href":"https:\/\/blog.servitoro.com\/en\/wp-json\/wp\/v2\/comments?post=10272"}],"version-history":[{"count":1,"href":"https:\/\/blog.servitoro.com\/en\/wp-json\/wp\/v2\/posts\/10272\/revisions"}],"predecessor-version":[{"id":10273,"href":"https:\/\/blog.servitoro.com\/en\/wp-json\/wp\/v2\/posts\/10272\/revisions\/10273"}],"wp:featuredmedia":[{"embeddable":true,"href":"https:\/\/blog.servitoro.com\/en\/wp-json\/wp\/v2\/media\/10233"}],"wp:attachment":[{"href":"https:\/\/blog.servitoro.com\/en\/wp-json\/wp\/v2\/media?parent=10272"}],"wp:term":[{"taxonomy":"category","embeddable":true,"href":"https:\/\/blog.servitoro.com\/en\/wp-json\/wp\/v2\/categories?post=10272"},{"taxonomy":"post_tag","embeddable":true,"href":"https:\/\/blog.servitoro.com\/en\/wp-json\/wp\/v2\/tags?post=10272"}],"curies":[{"name":"wp","href":"https:\/\/api.w.org\/{rel}","templated":true}]}}